{"id":15,"__str__":"DL N\u00ba 009/2026 - Decreto Legislativo","link_detail_backend":"/docadm/15","metadata":{},"numero":9,"complemento":"","ano":2026,"data":"2026-02-02","interessado":"C\u00e2mara Municipal","dias_prazo":null,"data_fim_prazo":null,"tramitacao":false,"assunto":"Encarregado pelo Tratamento de Dados Pessoais da C\u00e2mara Municipal de Oliveira de F\u00e1tima/TO: JOSIAS DIAS REIS, Matr\u00edcula n\u00ba 104. Canais de Comunica\u00e7\u00e3o: Telefone: (63) 3365-1320 - E-mail: camara_oliveira_to@outlook.com - Endere\u00e7o: Avenida Araguaia, s/n\u00ba, Centro, C\u00e2mara de Oliveira de F\u00e1tima/TO.","numero_externo":null,"observacao":"","texto_integral":"http://sapl.oliveiradefatima.to.leg.br/media/sapl/private/documentoadministrativo/15/09_decreto_-_designa_encarrecado_pelo_tratamento_de_dados.pdf","restrito":false,"ip":"186.192.249.172","ultima_edicao":"2026-02-10T11:43:17.282988-03:00","tipo":4,"protocolo":null,"autor":null,"user":18,"anexados":[],"materiasvinculadas":[]}